{"id":320,"date":"2016-12-18T20:42:11","date_gmt":"2016-12-18T19:42:11","guid":{"rendered":"http:\/\/repulo.misi.eu\/blog\/?p=320"},"modified":"2016-12-12T20:43:33","modified_gmt":"2016-12-12T19:43:33","slug":"megsem-az-az-utvonal","status":"publish","type":"post","link":"http:\/\/repulo.misi.eu\/blog\/?p=320","title":{"rendered":"M\u00e9gsem az az \u00fatvonal"},"content":{"rendered":"<div>Akkor m\u00e9gsem a vizsga &#8211; ki gondolta volna \ud83d\ude42<\/div>\n<div>1. Az adminisztr\u00e1ci\u00f3 \u00e9s felterjeszt\u00e9s nem megy annyira egyszer\u0171en.<\/div>\n<div>2. A tervezett id\u0151pont v\u00e1laszt\u00e1s is nehezedik a t\u00e9li id\u0151j\u00e1r\u00e1s miatt.<\/div>\n<div>3. M\u00e1s lett a vizsga\u00fatvonal.<\/div>\n<div>Mivel kedden lesz a vizsga &#8211; elvileg &#8211; \u00edgy nem \u00e1rt ha kipr\u00f3b\u00e1ljuk milyen egy vor ad\u00f3ra rep\u00fclni, meg nagyj\u00e1b\u00f3l megn\u00e9zni az \u00fatvonalat.<\/div>\n<div>Az oktat\u00f3 nem \u00e9rt r\u00e1 ez\u00e9rt egy m\u00e1sik oktat\u00f3val rep\u00fcltem le a Dunakeszi &#8211; L\u0151rinci, J\u00e1szber\u00e9ny, T\u00e1pi\u00f3s\u00e1g VOR, G\u00f6d\u00f6ll\u0151 &#8211; Dunakeszi \u00fatvonalat.<\/div>\n<div><a href=\"http:\/\/repulo.misi.eu\/blog\/wp-content\/uploads\/2016\/12\/jaszbereny-lorinci.jpg\"><img loading=\"lazy\" class=\"aligncenter size-large wp-image-304\" src=\"http:\/\/repulo.misi.eu\/blog\/wp-content\/uploads\/2016\/12\/jaszbereny-lorinci-1024x537.jpg\" alt=\"\" width=\"625\" height=\"328\" srcset=\"http:\/\/repulo.misi.eu\/blog\/wp-content\/uploads\/2016\/12\/jaszbereny-lorinci-1024x537.jpg 1024w, http:\/\/repulo.misi.eu\/blog\/wp-content\/uploads\/2016\/12\/jaszbereny-lorinci-300x157.jpg 300w, http:\/\/repulo.misi.eu\/blog\/wp-content\/uploads\/2016\/12\/jaszbereny-lorinci-768x403.jpg 768w, http:\/\/repulo.misi.eu\/blog\/wp-content\/uploads\/2016\/12\/jaszbereny-lorinci-624x327.jpg 624w\" sizes=\"(max-width: 625px) 100vw, 625px\" \/><\/a><\/div>\n<div>Mai \u00e9rdekess\u00e9g, az el\u00e9gg\u00e9 er\u0151s szerencs\u00e9re szembe sz\u00e9l. D\u00e9lel\u0151tt m\u00e9g j\u00f3 id\u0151 volt, de indul\u00e1skor m\u00e1r feler\u0151s\u00f6d\u00f6tt a sz\u00e9l. Sz\u00e9p id\u0151 volt, de bizonyos ir\u00e1nyokb\u00f3l borult volt. L\u0151rinci, J\u00e1szber\u00e9nyig teljesen j\u00f3 volt, csak a sz\u00f6geken kellett m\u00f3dos\u00edtani a sz\u00e9l miatt, illetve 2000 l\u00e1bra ment\u00fcnk fel mert nem l\u00e1tta az ir\u00e1ny\u00edt\u00e1s a jel\u00fcnket. Ez ut\u00e1na Vorra rep\u00fclt\u00fcnk volna r\u00e1, ha m\u0171k\u00f6d\u00f6tt volna a rep\u00fcl\u0151g\u00e9pben a vor m\u0171szer, de nem m\u0171k\u00f6d\u00f6tt. Ezut\u00e1n G\u00f6d\u00f6ll\u0151re a megk\u00f6zel\u00edt\u00e9s egy kicsit korai volt, mert olyannyira volt a szembe sz\u00e9l, hogy gyorsan tudtuk veszteni a magass\u00e1got. Dunakeszin\u00e9l hasonl\u00f3 volt, egy kicsit kor\u00e1bban s\u00fcllyedtem, de ez sosem baj, ez\u00e9rt van g\u00e1z, hogy beh\u00fazassuk a g\u00e9pet. Kb 1 \u00f3ra 30 perc volt, \u00edgy szembe sz\u00e9lben a rep\u00fcl\u00e9si id\u0151.<\/div>\n<div>Most m\u00e1r rem\u00e9lem 2 nap m\u00falva meglesz a vizsga.<\/div>\n","protected":false},"excerpt":{"rendered":"<p>Akkor m\u00e9gsem a vizsga &#8211; ki gondolta volna \ud83d\ude42 1. Az adminisztr\u00e1ci\u00f3 \u00e9s felterjeszt\u00e9s nem megy annyira egyszer\u0171en. 2. A tervezett id\u0151pont v\u00e1laszt\u00e1s is nehezedik a t\u00e9li id\u0151j\u00e1r\u00e1s miatt. 3. M\u00e1s lett a vizsga\u00fatvonal. Mivel kedden lesz a vizsga &#8211; elvileg &#8211; \u00edgy nem \u00e1rt ha kipr\u00f3b\u00e1ljuk milyen egy vor ad\u00f3ra rep\u00fclni, meg nagyj\u00e1b\u00f3l megn\u00e9zni [&hellip;]<\/p>\n","protected":false},"author":1,"featured_media":0,"comment_status":"closed","ping_status":"closed","sticky":false,"template":"","format":"standard","meta":[],"categories":[1],"tags":[],"_links":{"self":[{"href":"http:\/\/repulo.misi.eu\/blog\/index.php?rest_route=\/wp\/v2\/posts\/320"}],"collection":[{"href":"http:\/\/repulo.misi.eu\/blog\/index.php?rest_route=\/wp\/v2\/posts"}],"about":[{"href":"http:\/\/repulo.misi.eu\/blog\/index.php?rest_route=\/wp\/v2\/types\/post"}],"author":[{"embeddable":true,"href":"http:\/\/repulo.misi.eu\/blog\/index.php?rest_route=\/wp\/v2\/users\/1"}],"replies":[{"embeddable":true,"href":"http:\/\/repulo.misi.eu\/blog\/index.php?rest_route=%2Fwp%2Fv2%2Fcomments&post=320"}],"version-history":[{"count":1,"href":"http:\/\/repulo.misi.eu\/blog\/index.php?rest_route=\/wp\/v2\/posts\/320\/revisions"}],"predecessor-version":[{"id":321,"href":"http:\/\/repulo.misi.eu\/blog\/index.php?rest_route=\/wp\/v2\/posts\/320\/revisions\/321"}],"wp:attachment":[{"href":"http:\/\/repulo.misi.eu\/blog\/index.php?rest_route=%2Fwp%2Fv2%2Fmedia&parent=320"}],"wp:term":[{"taxonomy":"category","embeddable":true,"href":"http:\/\/repulo.misi.eu\/blog\/index.php?rest_route=%2Fwp%2Fv2%2Fcategories&post=320"},{"taxonomy":"post_tag","embeddable":true,"href":"http:\/\/repulo.misi.eu\/blog\/index.php?rest_route=%2Fwp%2Fv2%2Ftags&post=320"}],"curies":[{"name":"wp","href":"https:\/\/api.w.org\/{rel}","templated":true}]}}