{"id":298,"date":"2016-11-04T17:13:42","date_gmt":"2016-11-04T16:13:42","guid":{"rendered":"http:\/\/repulo.misi.eu\/blog\/?p=298"},"modified":"2016-11-04T17:13:42","modified_gmt":"2016-11-04T16:13:42","slug":"ellenorzo-repules","status":"publish","type":"post","link":"http:\/\/repulo.misi.eu\/blog\/?p=298","title":{"rendered":"Ellen\u0151rz\u0151 rep\u00fcl\u00e9s"},"content":{"rendered":"<p>A folyamatos oktat\u00e1s nagyon neh\u00e9z, f\u0151leg \u0151sszel amikor n\u00e9ha j\u00f3 id\u0151 van n\u00e9ha pedig rossz. \u00cdgy ad\u00f3dott, hogy megint kimaradt k\u00e9t h\u00e9t. A harmadik h\u00e9ten viszont volt terv a cs\u00fct\u00f6rt\u00f6k \u00e9s a p\u00e9nteki rep\u00fcl\u00e9ssel kapcsolatban is. Igaz amikor ki\u00e9rtem akkor nem j\u00f3 h\u00edrrel fogadtak. Nem volt j\u00f3 a porlaszt\u00f3f\u0171t\u00e9s (f\u0151leg lesz\u00e1ll\u00e1skor haszn\u00e1latos, amikor es\u00e9ly van arra, hogy a \u00fczemanyag meg vagy r\u00e1 fagy az \u00fczemanyag ell\u00e1t\u00f3 rendszerben, \u00edgy dugul\u00e1st okoz, ami pedig motorle\u00e1ll\u00e1shoz vezethet). A szerel\u0151 sz\u00e9tszedte a g\u00e9pet, ekkor viszont kider\u00fclt, hogy a kipufog\u00f3 cs\u0151 is el van repedve, amit pedig hegeszteni kellene. H\u00e1t nem lett k\u00e9sz m\u00e9g m\u00e1snapra sem a g\u00e9p. \u00cdgy v\u00e9g\u00fcl egy h\u00f3nappal k\u00e9s\u0151bb tudtam \u00fajra rep\u00fclni. Ekkor viszont egy ellen\u0151rz\u0151 rep\u00fcl\u00e9s volt. Ami azt jelenti, hogy egy m\u00e1sik pil\u00f3ta megn\u00e9zni, hogyan kezelem a g\u00e9pet. Csin\u00e1ltunk 2 iskolak\u00f6rt, meg kiment\u00fcnk a l\u00e9gt\u00e9rbe, fordul\u00f3kat \u00e9s \u00e1tes\u00e9st csin\u00e1lni. \u00c1tes\u00e9st ezzel a g\u00e9ppel egy\u00e9bk\u00e9nt nagyon nehezen lehet v\u00e9gezni, ink\u00e1bb csak liftezik.<\/p>\n<p>V\u00e9g\u00fcl minden rendben ment. Ezut\u00e1n j\u00f6tt \u00fajra az egyed\u00fcli iskolak\u00f6r\u00f6z\u00e9s. Ami szint\u00e9n tanuls\u00e1gos volt, minden ment ahogy kell, csak most nem volt k\u00fcls\u0151 kontroll, \u00edgy az ut\u00f3lagos ellen\u0151rz\u00e9seket is el kellett v\u00e9gezni. 5 iskolak\u00f6r ut\u00e1n el\u00e9gg\u00e9 j\u00f3l \u00f6ssze\u00e1lltak a dolgok. A terv tov\u00e1bbra is iskolak\u00f6r\u00f6z\u00e9s, &#8220;mert ez a rep\u00fcl\u00e9s alapja \u00e9s az A-b\u00f3l B-be rep\u00fcl\u00e9sb\u0151l nem lehet sokat tanulni&#8230;&#8221;<\/p>\n<p>\u00cdgy holnap tov\u00e1bbra is egyed\u00fcl iskola k\u00f6r\u00f6z\u00e9s van napirenden.<\/p>\n","protected":false},"excerpt":{"rendered":"<p>A folyamatos oktat\u00e1s nagyon neh\u00e9z, f\u0151leg \u0151sszel amikor n\u00e9ha j\u00f3 id\u0151 van n\u00e9ha pedig rossz. \u00cdgy ad\u00f3dott, hogy megint kimaradt k\u00e9t h\u00e9t. A harmadik h\u00e9ten viszont volt terv a cs\u00fct\u00f6rt\u00f6k \u00e9s a p\u00e9nteki rep\u00fcl\u00e9ssel kapcsolatban is. Igaz amikor ki\u00e9rtem akkor nem j\u00f3 h\u00edrrel fogadtak. Nem volt j\u00f3 a porlaszt\u00f3f\u0171t\u00e9s (f\u0151leg lesz\u00e1ll\u00e1skor haszn\u00e1latos, amikor es\u00e9ly van [&hellip;]<\/p>\n","protected":false},"author":1,"featured_media":0,"comment_status":"closed","ping_status":"closed","sticky":false,"template":"","format":"standard","meta":[],"categories":[1],"tags":[22,8,5],"_links":{"self":[{"href":"http:\/\/repulo.misi.eu\/blog\/index.php?rest_route=\/wp\/v2\/posts\/298"}],"collection":[{"href":"http:\/\/repulo.misi.eu\/blog\/index.php?rest_route=\/wp\/v2\/posts"}],"about":[{"href":"http:\/\/repulo.misi.eu\/blog\/index.php?rest_route=\/wp\/v2\/types\/post"}],"author":[{"embeddable":true,"href":"http:\/\/repulo.misi.eu\/blog\/index.php?rest_route=\/wp\/v2\/users\/1"}],"replies":[{"embeddable":true,"href":"http:\/\/repulo.misi.eu\/blog\/index.php?rest_route=%2Fwp%2Fv2%2Fcomments&post=298"}],"version-history":[{"count":1,"href":"http:\/\/repulo.misi.eu\/blog\/index.php?rest_route=\/wp\/v2\/posts\/298\/revisions"}],"predecessor-version":[{"id":299,"href":"http:\/\/repulo.misi.eu\/blog\/index.php?rest_route=\/wp\/v2\/posts\/298\/revisions\/299"}],"wp:attachment":[{"href":"http:\/\/repulo.misi.eu\/blog\/index.php?rest_route=%2Fwp%2Fv2%2Fmedia&parent=298"}],"wp:term":[{"taxonomy":"category","embeddable":true,"href":"http:\/\/repulo.misi.eu\/blog\/index.php?rest_route=%2Fwp%2Fv2%2Fcategories&post=298"},{"taxonomy":"post_tag","embeddable":true,"href":"http:\/\/repulo.misi.eu\/blog\/index.php?rest_route=%2Fwp%2Fv2%2Ftags&post=298"}],"curies":[{"name":"wp","href":"https:\/\/api.w.org\/{rel}","templated":true}]}}