{"id":292,"date":"2016-10-02T22:37:57","date_gmt":"2016-10-02T20:37:57","guid":{"rendered":"http:\/\/repulo.misi.eu\/blog\/?p=292"},"modified":"2016-09-29T22:38:36","modified_gmt":"2016-09-29T20:38:36","slug":"iskola-korozes","status":"publish","type":"post","link":"http:\/\/repulo.misi.eu\/blog\/?p=292","title":{"rendered":"Iskola k\u00f6r\u00f6z\u00e9s"},"content":{"rendered":"<p>Az iskola k\u00f6r\u00f6z\u00e9s amit nem lehet elfelejteni. Viszont ki lehet j\u00f6nni a gyakorlatb\u00f3l, f\u0151leg ha kicsit m\u00e1shogy csin\u00e1ljuk mint ahogy megszoktuk. Pl.: M\u00e1s rep\u00fcl\u0151t\u00e9r, nappal szemben, a m\u00e1sik ir\u00e1nyban vagy \u00e9ppen a m\u00e1sik k\u00f6r\u00f6n. Ehhez j\u00f6n a sz\u00e9p lesz\u00e1ll\u00e1s aminek a gyakorl\u00e1sa szint\u00e9n nem \u00e1rt, f\u0151leg ha m\u00e1s t\u00edpus\u00fa g\u00e9ppel rep\u00fcl az ember. \u00cdgy egy sz\u00e9p keddi reggeli napon megcsin\u00e1ltunk egy p\u00e1r (12-15 fel \u00e9s lesz\u00e1ll\u00e1st), persze ahhoz, hogy ezt megtegy\u00fck kis iskolak\u00f6r\u00f6ket ment\u00fcnk mert felesleges felmenni nagyon magasra hogy ut\u00e1na lej\u00f6jj\u00fcnk &#8211; ebben az esetben csak az id\u0151 megy fele, \u00e9s nem ad hozz\u00e1 ahhoz hogy a v\u00e9g\u00e9n hogyan lebegteted ki a g\u00e9pet. Mondan\u00e1m, hogy unalmas volt &#8211; mert mint az\u00f3ta megn\u00e9ztem \u00e9n m\u00e1r csin\u00e1ltam vagy 30 egyed\u00fcli iskolak\u00f6rt csak m\u00e1r nem eml\u00e9keztem r\u00e1 &#8211; de apr\u00f3s\u00e1gok &#8211; mozdulatok begyakorl\u00e1s\u00e1ra kiv\u00e1l\u00f3 volt. \u00c9n \u00fagy gondolom, kellett ez a 12 iskolak\u00f6r, hogy visszaj\u00f6jj\u00f6n mit kell csin\u00e1lni \u00e9s valamennyire reflex szer\u0171 legyen. K\u00f6vetkez\u0151 alkalommal majd j\u00f3l elrontjuk&#8230;<\/p>\n","protected":false},"excerpt":{"rendered":"<p>Az iskola k\u00f6r\u00f6z\u00e9s amit nem lehet elfelejteni. Viszont ki lehet j\u00f6nni a gyakorlatb\u00f3l, f\u0151leg ha kicsit m\u00e1shogy csin\u00e1ljuk mint ahogy megszoktuk. Pl.: M\u00e1s rep\u00fcl\u0151t\u00e9r, nappal szemben, a m\u00e1sik ir\u00e1nyban vagy \u00e9ppen a m\u00e1sik k\u00f6r\u00f6n. Ehhez j\u00f6n a sz\u00e9p lesz\u00e1ll\u00e1s aminek a gyakorl\u00e1sa szint\u00e9n nem \u00e1rt, f\u0151leg ha m\u00e1s t\u00edpus\u00fa g\u00e9ppel rep\u00fcl az ember. \u00cdgy egy [&hellip;]<\/p>\n","protected":false},"author":1,"featured_media":0,"comment_status":"closed","ping_status":"closed","sticky":false,"template":"","format":"standard","meta":[],"categories":[7,2],"tags":[],"_links":{"self":[{"href":"http:\/\/repulo.misi.eu\/blog\/index.php?rest_route=\/wp\/v2\/posts\/292"}],"collection":[{"href":"http:\/\/repulo.misi.eu\/blog\/index.php?rest_route=\/wp\/v2\/posts"}],"about":[{"href":"http:\/\/repulo.misi.eu\/blog\/index.php?rest_route=\/wp\/v2\/types\/post"}],"author":[{"embeddable":true,"href":"http:\/\/repulo.misi.eu\/blog\/index.php?rest_route=\/wp\/v2\/users\/1"}],"replies":[{"embeddable":true,"href":"http:\/\/repulo.misi.eu\/blog\/index.php?rest_route=%2Fwp%2Fv2%2Fcomments&post=292"}],"version-history":[{"count":1,"href":"http:\/\/repulo.misi.eu\/blog\/index.php?rest_route=\/wp\/v2\/posts\/292\/revisions"}],"predecessor-version":[{"id":293,"href":"http:\/\/repulo.misi.eu\/blog\/index.php?rest_route=\/wp\/v2\/posts\/292\/revisions\/293"}],"wp:attachment":[{"href":"http:\/\/repulo.misi.eu\/blog\/index.php?rest_route=%2Fwp%2Fv2%2Fmedia&parent=292"}],"wp:term":[{"taxonomy":"category","embeddable":true,"href":"http:\/\/repulo.misi.eu\/blog\/index.php?rest_route=%2Fwp%2Fv2%2Fcategories&post=292"},{"taxonomy":"post_tag","embeddable":true,"href":"http:\/\/repulo.misi.eu\/blog\/index.php?rest_route=%2Fwp%2Fv2%2Ftags&post=292"}],"curies":[{"name":"wp","href":"https:\/\/api.w.org\/{rel}","templated":true}]}}