{"id":290,"date":"2016-10-01T20:49:30","date_gmt":"2016-10-01T18:49:30","guid":{"rendered":"http:\/\/repulo.misi.eu\/blog\/?p=290"},"modified":"2016-09-29T22:46:29","modified_gmt":"2016-09-29T20:46:29","slug":"iskolakorozes-ujra","status":"publish","type":"post","link":"http:\/\/repulo.misi.eu\/blog\/?p=290","title":{"rendered":"Iskolak\u00f6r\u00f6z\u00e9s &#8211; \u00fajra???"},"content":{"rendered":"<p>Elj\u00f6tt az id\u0151 \u00fajra megn\u00e9zni mi maradt meg az iskolak\u00f6r\u00f6z\u00e9sb\u0151l. A rept\u00e9ren egy kicsit m\u00e9g v\u00e1rni kellett, mert a rep\u00fcl\u0151g\u00e9p biztos\u00edt\u00e1sa \u00e9ppen lej\u00e1rt, \u00e9s az \u00faj k\u00f6tv\u00e9ny visszaigazol\u00e1s\u00e1t m\u00e9g v\u00e1rni kellett. Egy\u00e9bk\u00e9nt a G\u00f6d\u00f6ll\u0151i baleset miatt (k\u00e9t kis rep\u00fcl\u0151 \u00fctk\u00f6z\u00f6tt \u00f6ssze) ez a rep\u00fcl\u0151t\u00e9r is kapott ellen\u0151rz\u00e9st.<\/p>\n<p>Am\u00edg a biztos\u00edt\u00e1st v\u00e1rtuk egy kicsit dolgoztam, majd el\u0151ker\u00fclt a r\u00e9gi oktat\u00f3m is (k\u00fclf\u00f6ldr\u0151l j\u00f6tt haza). Vele v\u00e1ltottam p\u00e1r mondatot<\/p>\n<p>Miut\u00e1n el\u0151ker\u00fclt a biztos\u00edt\u00e1s visszaigazol\u00e1si pap\u00edr elindultunk rep\u00fclni. De a hang\u00e1r el\u0151tt el\u0151ker\u00fclt el\u0151ker\u00fcl \u00fajra a r\u00e9gi oktat\u00f3, illetve a lerep\u00fclt dolgokat id\u0151ket kezdt\u00fck gyorsan \u00f6sszeszedni. Kider\u00fclt, hogy \u00e9n m\u00e1r rep\u00fcltem 30 \u00f6n\u00e1ll\u00f3 iskolak\u00f6rt \u00e9s bevallom \u00e9n egyikre sem eml\u00e9kszem &#8211; m\u00e9g szerencse, hogy van blog ahol meg tudtam n\u00e9zni, hogy t\u00e9nyleg nem volt eml\u00edt\u00e9sre m\u00e9lt\u00f3. Milyen \u00e9rdekes a mem\u00f3ria.<\/p>\n<p>Na a 20 perces k\u00f6zj\u00e1t\u00e9k ut\u00e1n elkezdt\u00fcnk iskola k\u00f6r\u00f6zni. H\u00e1t nem olyan mint a Cessna. Itt m\u00e1r a hossz\u00fa falon meg kell kezdeni a s\u00falyed\u00e9st, hogy id\u0151ben lesz\u00e1lljunk. Tekintve hogy a g\u00e9p lassan emelkedik, l\u00e9nyeg\u00e9ben fel emelked\u00fcnk 1300 l\u00e1bra majd nem sokkal k\u00e9s\u0151bb le is s\u00fcllyed\u00fcnk. A g\u00e9p nagyon sok\u00e1ig siklik, de 100 km\/h sebess\u00e9gn\u00e9l l\u00e9nyeg\u00e9ben leesik a g\u00e9p. \u00cdgy a 110 km\/h besikl\u00e1st 120 km\/h emelt\u00fck, hogy legyen egy kis kilebegtet\u00e9s, de ez sem valami sok. Ami fura, hogy als\u00f3sz\u00e1rnyas a g\u00e9p, ez\u00e9rt a f\u00f6ldh\u00f6z k\u00e9pesti magass\u00e1got szokni kell. A m\u00e1sik fura dolog, hogy a rep\u00fcl\u0151t\u00e9r mellett van egy kis erd\u0151s\u00e1v, de kb 15 fokkal elt\u00e9r a p\u00e1lya ir\u00e1nyt\u00f3l, de els\u0151re olyan minta, azt kellene k\u00f6vetni. Egy\u00e9bk\u00e9nt semmi extra ez is olyan mint az eddigiek, kell \u00fajra csin\u00e1lni bel\u0151le p\u00e1rat, hogy norm\u00e1lisan menjen a dolog.<\/p>\n<p>Az egyed\u00fcli \u00e9rdemleges, hogy f\u00e9lid\u0151ben volt egy kis k\u00f6tel\u00e9krep\u00fcl\u00e9s egy m\u00e1sik g\u00e9ppel ami nagyon j\u00f3l n\u00e9zett ki &#8211; persze nem \u00e9n vezettem. A k\u00f6z\u00f6s fordul\u00f3, ir\u00e1nyv\u00e1lt\u00e1s \u00e9s egym\u00e1sra figyel\u00e9s a rep\u00fcl\u00e9s egy m\u00e1sik aspektus\u00e1t mutatta.<\/p>\n<p>Ezut\u00e1n m\u00e9g m\u00e9g volt 2-3 iskolak\u00f6r azt\u00e1n v\u00e9ge. Most m\u00e1r kezd kor\u00e1n s\u00f6t\u00e9tedni. Most megint 4 &#8211; 5 nap sz\u00fcnet azt\u00e1n \u00fajra fojtat\u00f3dik a rep\u00fcl\u00e9s.<\/p>\n","protected":false},"excerpt":{"rendered":"<p>Elj\u00f6tt az id\u0151 \u00fajra megn\u00e9zni mi maradt meg az iskolak\u00f6r\u00f6z\u00e9sb\u0151l. A rept\u00e9ren egy kicsit m\u00e9g v\u00e1rni kellett, mert a rep\u00fcl\u0151g\u00e9p biztos\u00edt\u00e1sa \u00e9ppen lej\u00e1rt, \u00e9s az \u00faj k\u00f6tv\u00e9ny visszaigazol\u00e1s\u00e1t m\u00e9g v\u00e1rni kellett. Egy\u00e9bk\u00e9nt a G\u00f6d\u00f6ll\u0151i baleset miatt (k\u00e9t kis rep\u00fcl\u0151 \u00fctk\u00f6z\u00f6tt \u00f6ssze) ez a rep\u00fcl\u0151t\u00e9r is kapott ellen\u0151rz\u00e9st. Am\u00edg a biztos\u00edt\u00e1st v\u00e1rtuk egy kicsit dolgoztam, majd [&hellip;]<\/p>\n","protected":false},"author":1,"featured_media":0,"comment_status":"closed","ping_status":"closed","sticky":false,"template":"","format":"standard","meta":[],"categories":[7,2],"tags":[],"_links":{"self":[{"href":"http:\/\/repulo.misi.eu\/blog\/index.php?rest_route=\/wp\/v2\/posts\/290"}],"collection":[{"href":"http:\/\/repulo.misi.eu\/blog\/index.php?rest_route=\/wp\/v2\/posts"}],"about":[{"href":"http:\/\/repulo.misi.eu\/blog\/index.php?rest_route=\/wp\/v2\/types\/post"}],"author":[{"embeddable":true,"href":"http:\/\/repulo.misi.eu\/blog\/index.php?rest_route=\/wp\/v2\/users\/1"}],"replies":[{"embeddable":true,"href":"http:\/\/repulo.misi.eu\/blog\/index.php?rest_route=%2Fwp%2Fv2%2Fcomments&post=290"}],"version-history":[{"count":1,"href":"http:\/\/repulo.misi.eu\/blog\/index.php?rest_route=\/wp\/v2\/posts\/290\/revisions"}],"predecessor-version":[{"id":291,"href":"http:\/\/repulo.misi.eu\/blog\/index.php?rest_route=\/wp\/v2\/posts\/290\/revisions\/291"}],"wp:attachment":[{"href":"http:\/\/repulo.misi.eu\/blog\/index.php?rest_route=%2Fwp%2Fv2%2Fmedia&parent=290"}],"wp:term":[{"taxonomy":"category","embeddable":true,"href":"http:\/\/repulo.misi.eu\/blog\/index.php?rest_route=%2Fwp%2Fv2%2Fcategories&post=290"},{"taxonomy":"post_tag","embeddable":true,"href":"http:\/\/repulo.misi.eu\/blog\/index.php?rest_route=%2Fwp%2Fv2%2Ftags&post=290"}],"curies":[{"name":"wp","href":"https:\/\/api.w.org\/{rel}","templated":true}]}}